{"id":28780,"date":"2026-04-29T10:12:35","date_gmt":"2026-04-29T08:12:35","guid":{"rendered":"https:\/\/wfg-kreis-viersen.de\/?p=28780"},"modified":"2026-04-29T10:12:35","modified_gmt":"2026-04-29T08:12:35","slug":"sommer-praktika-win-win-situation-fuer-jugendliche-und-unternehmen","status":"publish","type":"post","link":"https:\/\/wfg-kreis-viersen.de\/en\/sommer-praktika-win-win-situation-fuer-jugendliche-und-unternehmen\/","title":{"rendered":"Sommer-Praktika: Win-Win-Situation f\u00fcr Jugendliche und Unternehmen"},"content":{"rendered":"<p>Die Sommerferien bieten Jugendlichen im Kreis Viersen eine besondere Gelegenheit zur beruflichen Orientierung: Mit den Ferien-Praktikumswochen NRW gibt es ein landesweites Format, das junge Menschen unkompliziert mit regionalen Betrieben zusammenbringt. Nach dem erfolgreichen Auftakt im vergangenen Jahr wird das Projekt 2026 fortgef\u00fchrt und richtet sich an Sch\u00fclerinnen und Sch\u00fcler ab 15 Jahren. Ziel ist es, praxisnahe Einblicke in verschiedene Berufsfelder zu erm\u00f6glichen \u2013 ganz ohne Bewerbungsstress, Lebenslauf oder Zeugnisse. Unternehmen k\u00f6nnen ab sofort online Praktikumstage anbieten.<\/p>\n<p>Die Idee der Aktion: Jugendliche k\u00f6nnen tageweise unterschiedliche Unternehmen kennenlernen und so verschiedene Berufe direkt vor Ort erleben. Ob ein einzelner Schnuppertag oder mehrere Tage in einem Betrieb \u2013 die Teilnahme l\u00e4sst sich individuell an die Ferienplanung anpassen. \u201eDie Ferien-Praktikumswochen sind ein starkes Instrument, um Jugendliche fr\u00fchzeitig f\u00fcr berufliche Perspektiven in unserer Region zu begeistern und gleichzeitig dem Fachkr\u00e4ftemangel aktiv entgegenzuwirken\u201c, erkl\u00e4rt Dr. Thomas Jablonski, Gesch\u00e4ftsf\u00fchrer der WFG Kreis Viersen. \u201eUnternehmen k\u00f6nnen sich ohne gro\u00dfen organisatorischen Aufwand pr\u00e4sentieren und direkt mit motivierten jungen Menschen ins Gespr\u00e4ch kommen \u2013 das ist eine echte Win-Win-Situation.\u201c<\/p>\n<p>Denn auch aus Sicht der Jugendlichen bietet das Format klare Vorteile: Sie sammeln praktische Erfahrungen, entdecken eigene Interessen und gewinnen Orientierung f\u00fcr ihre berufliche Zukunft. Die positiven R\u00fcckmeldungen aus dem Vorjahr sprechen f\u00fcr sich: 88 Prozent der teilnehmenden Unternehmen w\u00fcrden erneut mitmachen. Und ebenso viele Jugendliche gaben an, durch die Praktikumswoche eine klarere Vorstellung von ihrem weiteren Weg gewonnen zu haben.<\/p>\n<p>\u201eGerade in einer Zeit, in der die Berufswahl immer komplexer wird, sind niedrigschwellige Angebote wie diese enorm wichtig\u201c, betont Anke Erhardt, bei der WFG zust\u00e4ndig f\u00fcr den Bereich Fachkr\u00e4fte &amp; Talente. \u201eDie Jugendlichen k\u00f6nnen sich ausprobieren, ohne Druck und Verpflichtung \u2013 und entdecken dabei oft ganz neue M\u00f6glichkeiten, die sie vorher gar nicht in Betracht gezogen h\u00e4tten.\u201c<\/p>\n<p>Die Aktion ist Teil der Fachkr\u00e4fteoffensive Nordrhein-Westfalen und wird vom Land gef\u00f6rdert. Die Teilnahme ist f\u00fcr Jugendliche und Betriebe kostenfrei. Der Aktionszeitraum erstreckt sich \u00fcber die gesamten Sommerferien vom 20. Juli bis zum 1. September 2026. Interessierte Sch\u00fclerinnen und Sch\u00fcler k\u00f6nnen sich flexibel f\u00fcr ein- oder mehrt\u00e4gige Praktika anmelden und so den Grundstein f\u00fcr ihre berufliche Zukunft legen.<\/p>\n<p>Unternehmen k\u00f6nnen hier Praktikumstage anbieten:<\/p>\n<p><a href=\"http:\/\/www.praktikumswoche.de\/kreis-viersen\/unternehmen\">www.praktikumswoche.de\/kreis-viersen\/unternehmen<\/a><\/p>\n","protected":false},"excerpt":{"rendered":"<p>Die Sommerferien bieten Jugendlichen im Kreis Viersen eine besondere Gelegenheit zur beruflichen Orientierung: Mit den Ferien-Praktikumswochen NRW gibt es ein landesweites Format, das junge Menschen unkompliziert mit regionalen Betrieben zusammenbringt. Nach dem erfolgreichen Auftakt im vergangenen Jahr wird das Projekt 2026 fortgef\u00fchrt und richtet sich an Sch\u00fclerinnen und Sch\u00fcler ab 15 Jahren. Ziel ist es, [&hellip;]<\/p>\n","protected":false},"author":28,"featured_media":28783,"comment_status":"closed","ping_status":"open","sticky":false,"template":"","format":"standard","meta":{"inline_featured_image":false,"footnotes":""},"categories":[688,1],"tags":[],"_links":{"self":[{"href":"https:\/\/wfg-kreis-viersen.de\/en\/wp-json\/wp\/v2\/posts\/28780"}],"collection":[{"href":"https:\/\/wfg-kreis-viersen.de\/en\/wp-json\/wp\/v2\/posts"}],"about":[{"href":"https:\/\/wfg-kreis-viersen.de\/en\/wp-json\/wp\/v2\/types\/post"}],"author":[{"embeddable":true,"href":"https:\/\/wfg-kreis-viersen.de\/en\/wp-json\/wp\/v2\/users\/28"}],"replies":[{"embeddable":true,"href":"https:\/\/wfg-kreis-viersen.de\/en\/wp-json\/wp\/v2\/comments?post=28780"}],"version-history":[{"count":2,"href":"https:\/\/wfg-kreis-viersen.de\/en\/wp-json\/wp\/v2\/posts\/28780\/revisions"}],"predecessor-version":[{"id":28782,"href":"https:\/\/wfg-kreis-viersen.de\/en\/wp-json\/wp\/v2\/posts\/28780\/revisions\/28782"}],"wp:featuredmedia":[{"embeddable":true,"href":"https:\/\/wfg-kreis-viersen.de\/en\/wp-json\/wp\/v2\/media\/28783"}],"wp:attachment":[{"href":"https:\/\/wfg-kreis-viersen.de\/en\/wp-json\/wp\/v2\/media?parent=28780"}],"wp:term":[{"taxonomy":"category","embeddable":true,"href":"https:\/\/wfg-kreis-viersen.de\/en\/wp-json\/wp\/v2\/categories?post=28780"},{"taxonomy":"post_tag","embeddable":true,"href":"https:\/\/wfg-kreis-viersen.de\/en\/wp-json\/wp\/v2\/tags?post=28780"}],"curies":[{"name":"wp","href":"https:\/\/api.w.org\/{rel}","templated":true}]}}