{"id":28768,"date":"2026-04-27T12:35:33","date_gmt":"2026-04-27T10:35:33","guid":{"rendered":"https:\/\/wfg-kreis-viersen.de\/?p=28768"},"modified":"2026-04-27T12:37:45","modified_gmt":"2026-04-27T10:37:45","slug":"kreativitaet-trifft-technik-girls-day-im-kreis-viersen","status":"publish","type":"post","link":"https:\/\/wfg-kreis-viersen.de\/nl\/kreativitaet-trifft-technik-girls-day-im-kreis-viersen\/","title":{"rendered":"Kreativit\u00e4t trifft Technik: Girls\u2019 Day im Kreis Viersen"},"content":{"rendered":"<p>Ein inspirierender Projekttag im Rahmen des Girls\u2019 Day liegt hinter einer Gruppe von Sch\u00fclerinnen \u2013 und er hat einmal mehr gezeigt, wie spannend die Verbindung von Kreativit\u00e4t und Technik sein kann. Unter dem Motto \u201eSoft Circuits: Kreativit\u00e4t trifft Technik\u201c tauchten die Teilnehmerinnen in die Welt der E-Textilien ein. Mit Nadel, Garn und etwas Elektronik entstanden leuchtende Armb\u00e4nder und individuelle Filz-Patches \u2013 jedes St\u00fcck ein kleines Unikat mit eigener Funktion.<\/p>\n<p>Organisiert wurde der Projekttag vom zdi-Netzwerk Kreis Viersen in Tr\u00e4gerschaft der WFG in Kooperation mit Elektro Kettel Pratas &amp; Kusche GmbH &amp; Co.KG. Umgesetzt wurde er direkt vor Ort im Unternehmen in Viersen, wo die Sch\u00fclerinnen spannende Einblicke in die Praxis und den Arbeitsalltag der Elektronik erhielten.<\/p>\n<p>Neben dem praktischen Arbeiten stand vor allem das Entdecken im Mittelpunkt: Welche M\u00f6glichkeiten bietet die Elektronik? Welche Ausbildungswege gibt es? Und wie sieht der Arbeitsalltag in einem Unternehmen aus?<br \/>\nEin gro\u00dfes Dankesch\u00f6n an alle Beteiligten f\u00fcr die engagierte Umsetzung und die spannenden Einblicke. Solche Formate machen Mut, neue Wege zu gehen und technische Berufe aus einer ganz neuen Perspektive kennenzulernen.<\/p>\n<p>F\u00fcr weitere Informationen zum zdi-Netzwerk:<br \/>\nCaren Schmitter<br \/>\ncaren.schmitter@wfg-kreis-viersen.de<br \/>\nTelefon: 02162 81 79 -148<\/p>\n","protected":false},"excerpt":{"rendered":"<p>Ein inspirierender Projekttag im Rahmen des Girls\u2019 Day liegt hinter einer Gruppe von Sch\u00fclerinnen \u2013 und er hat einmal mehr gezeigt, wie spannend die Verbindung von Kreativit\u00e4t und Technik sein kann. Unter dem Motto \u201eSoft Circuits: Kreativit\u00e4t trifft Technik\u201c tauchten die Teilnehmerinnen in die Welt der E-Textilien ein. Mit Nadel, Garn und etwas Elektronik entstanden leuchtende Armb\u00e4nder und individuelle Filz-Patches \u2013 jedes St\u00fcck ein kleines Unikat mit eigener Funktion.<\/p>\n","protected":false},"author":1,"featured_media":28769,"comment_status":"closed","ping_status":"open","sticky":false,"template":"","format":"standard","meta":{"inline_featured_image":false,"footnotes":""},"categories":[1,831],"tags":[],"_links":{"self":[{"href":"https:\/\/wfg-kreis-viersen.de\/nl\/wp-json\/wp\/v2\/posts\/28768"}],"collection":[{"href":"https:\/\/wfg-kreis-viersen.de\/nl\/wp-json\/wp\/v2\/posts"}],"about":[{"href":"https:\/\/wfg-kreis-viersen.de\/nl\/wp-json\/wp\/v2\/types\/post"}],"author":[{"embeddable":true,"href":"https:\/\/wfg-kreis-viersen.de\/nl\/wp-json\/wp\/v2\/users\/1"}],"replies":[{"embeddable":true,"href":"https:\/\/wfg-kreis-viersen.de\/nl\/wp-json\/wp\/v2\/comments?post=28768"}],"version-history":[{"count":2,"href":"https:\/\/wfg-kreis-viersen.de\/nl\/wp-json\/wp\/v2\/posts\/28768\/revisions"}],"predecessor-version":[{"id":28773,"href":"https:\/\/wfg-kreis-viersen.de\/nl\/wp-json\/wp\/v2\/posts\/28768\/revisions\/28773"}],"wp:featuredmedia":[{"embeddable":true,"href":"https:\/\/wfg-kreis-viersen.de\/nl\/wp-json\/wp\/v2\/media\/28769"}],"wp:attachment":[{"href":"https:\/\/wfg-kreis-viersen.de\/nl\/wp-json\/wp\/v2\/media?parent=28768"}],"wp:term":[{"taxonomy":"category","embeddable":true,"href":"https:\/\/wfg-kreis-viersen.de\/nl\/wp-json\/wp\/v2\/categories?post=28768"},{"taxonomy":"post_tag","embeddable":true,"href":"https:\/\/wfg-kreis-viersen.de\/nl\/wp-json\/wp\/v2\/tags?post=28768"}],"curies":[{"name":"wp","href":"https:\/\/api.w.org\/{rel}","templated":true}]}}